{"id":888,"date":"2019-08-08T21:32:06","date_gmt":"2019-08-08T19:32:06","guid":{"rendered":"http:\/\/hochst\u00e4dter-haus.de\/?p=888"},"modified":"2022-12-10T15:02:21","modified_gmt":"2022-12-10T14:02:21","slug":"mitgliederversammlung-des-foerdervereins-heimatpflege-hochstaedten","status":"publish","type":"post","link":"https:\/\/hochst\u00e4dter-haus.de\/?p=888","title":{"rendered":"Mitgliederversammlung des F\u00f6rdervereins Heimatpflege Hochst\u00e4dten"},"content":{"rendered":"<p>Die Mitgliederversammlung des F\u00f6rdervereins Heimatpflege Hochst\u00e4dten fand am 7. Juli 2019 im Hochst\u00e4dter Haus statt.<\/p>\n<p>Im Bericht des Vorstands \u00fcber die vergangenen Monate stand die Er\u00f6ffnungsfeier des Hochst\u00e4dter Hauses im Mittelpunkt. Mit viel Applaus wurde Dr. Martina Bergler f\u00fcr ihren Einsatz zum Aufbau des Dorfladens gedankt. Sie verabschiedete sich als ehrenamtliche Gesch\u00e4ftsf\u00fchrerin, wird das Projekt aber weiterhin tatkr\u00e4ftig unterst\u00fctzen.<\/p>\n<p>Insbesondere war der Blick des F\u00f6rdervereins nach vorne gerichtet, mit dem Ziel, das Dorfleben in Hochst\u00e4dten durch verschiedene Angebote lebendig zu halten. Erste Ideen aus dem Ideen-Workshop, der Ende Mai 2019 hierzu durchgef\u00fchrt wurde, befinden sich bereits in der Umsetzung. Vortr\u00e4ge zu diversen Themengebieten fanden bereits statt und sind in Planung. Eine Nachhilfegruppe f\u00fcr ausl\u00e4ndische Mitb\u00fcrger gr\u00fcndet sich, ein Nachbarschaftsfest zum besseren Kennenlernen ist f\u00fcr den 31. August geplant, eine Gartengruppe besch\u00e4ftigt sich mit der Planung des Au\u00dfengel\u00e4ndes, wegen eines Tanzkurses steht man in Kontakt mit einer Tanzschule und Carrera-Bahn-Fans werden auch auf ihre Kosten kommen.<\/p>\n<p>Zur Bew\u00e4ltigung der vielf\u00e4ltigen Aufgaben rund um das Hochst\u00e4dter Haus sucht das Vorstandsteam noch weitere Unterst\u00fctzer. Insbesondere in den Bereichen Social Media, Steuerberatung, Veranstaltungsmanagement und Reinigung kann man sich in das Projekt einbringen.<\/p>\n<p>Wir freuen uns auf Sie!<\/p>\n<p>&nbsp;<\/p>\n<p>&nbsp;<\/p>\n","protected":false},"excerpt":{"rendered":"<p>Die Mitgliederversammlung des F\u00f6rdervereins Heimatpflege Hochst\u00e4dten fand am 7. Juli 2019 im Hochst\u00e4dter Haus statt. Im Bericht des Vorstands \u00fcber die vergangenen Monate stand die Er\u00f6ffnungsfeier des Hochst\u00e4dter Hauses im Mittelpunkt. Mit viel Applaus wurde Dr. Martina Bergler f\u00fcr ihren Einsatz zum Aufbau des Dorfladens gedankt. Sie verabschiedete sich als ehrenamtliche Gesch\u00e4ftsf\u00fchrerin, wird das Projekt [&hellip;]<\/p>\n","protected":false},"author":1,"featured_media":862,"comment_status":"open","ping_status":"open","sticky":false,"template":"","format":"standard","meta":{"footnotes":""},"categories":[3],"tags":[],"class_list":["post-888","post","type-post","status-publish","format-standard","has-post-thumbnail","hentry","category-allgemein"],"_links":{"self":[{"href":"https:\/\/hochst\u00e4dter-haus.de\/index.php?rest_route=\/wp\/v2\/posts\/888","targetHints":{"allow":["GET"]}}],"collection":[{"href":"https:\/\/hochst\u00e4dter-haus.de\/index.php?rest_route=\/wp\/v2\/posts"}],"about":[{"href":"https:\/\/hochst\u00e4dter-haus.de\/index.php?rest_route=\/wp\/v2\/types\/post"}],"author":[{"embeddable":true,"href":"https:\/\/hochst\u00e4dter-haus.de\/index.php?rest_route=\/wp\/v2\/users\/1"}],"replies":[{"embeddable":true,"href":"https:\/\/hochst\u00e4dter-haus.de\/index.php?rest_route=%2Fwp%2Fv2%2Fcomments&post=888"}],"version-history":[{"count":1,"href":"https:\/\/hochst\u00e4dter-haus.de\/index.php?rest_route=\/wp\/v2\/posts\/888\/revisions"}],"predecessor-version":[{"id":889,"href":"https:\/\/hochst\u00e4dter-haus.de\/index.php?rest_route=\/wp\/v2\/posts\/888\/revisions\/889"}],"wp:featuredmedia":[{"embeddable":true,"href":"https:\/\/hochst\u00e4dter-haus.de\/index.php?rest_route=\/wp\/v2\/media\/862"}],"wp:attachment":[{"href":"https:\/\/hochst\u00e4dter-haus.de\/index.php?rest_route=%2Fwp%2Fv2%2Fmedia&parent=888"}],"wp:term":[{"taxonomy":"category","embeddable":true,"href":"https:\/\/hochst\u00e4dter-haus.de\/index.php?rest_route=%2Fwp%2Fv2%2Fcategories&post=888"},{"taxonomy":"post_tag","embeddable":true,"href":"https:\/\/hochst\u00e4dter-haus.de\/index.php?rest_route=%2Fwp%2Fv2%2Ftags&post=888"}],"curies":[{"name":"wp","href":"https:\/\/api.w.org\/{rel}","templated":true}]}}